{"id":10736,"date":"2025-10-27T16:49:25","date_gmt":"2025-10-27T15:49:25","guid":{"rendered":"https:\/\/www.ideefixe.fr\/once-upon-a-time-there-was-idee-fixe\/"},"modified":"2025-10-27T16:49:26","modified_gmt":"2025-10-27T15:49:26","slug":"once-upon-a-time-there-was-idee-fixe","status":"publish","type":"post","link":"https:\/\/www.ideefixe.fr\/en\/once-upon-a-time-there-was-idee-fixe\/","title":{"rendered":"Once upon a time there was Id\u00e9e Fixe&#8230;"},"content":{"rendered":"\n<h2 class=\"wp-block-heading has-bleu-marine-color has-text-color has-link-color wp-elements-3a256a6598279f8d5e8beee3e2ef23c4\">THE BEGINNING&#8230;<\/h2>\n\n<p class=\"has-bleu-marine-color has-text-color has-link-color wp-elements-8fc5ab0375285a4573aaed75eef0f152\"><strong>Freshly graduated in Technical Drawing, Franck Seigneul quickly landed a job at the SABATHE events agency, halfway between sales and creative design.<\/strong> He spent four formative years there before making a bold decision: at the age of 24, he decided to go freelance and became a subcontractor for the same agency.<\/p>\n\n<p class=\"has-bleu-marine-color has-text-color has-link-color wp-elements-b5e67c57aed60cf30f910819f9ead95e\">It was during this period that he heard about <strong>Jacques Brault<\/strong>, ten years his senior, who stood out for his skills in 3D modelling and creating scale models. They hit it off immediately. Within a few days, their partnership was sealed, and <strong>on 1 February 1990, Id\u00e9e Fixe was officially launched in Normandy<\/strong>.  <\/p>\n<div class=\"wp-block-image\">\n<figure class=\"aligncenter size-large is-resized\"><img loading=\"lazy\" decoding=\"async\" width=\"1010\" height=\"1024\" src=\"https:\/\/www.ideefixe.fr\/wp-content\/uploads\/2025\/07\/WhatsApp-Image-2025-04-29-at-14.51.53-1010x1024.jpeg\" alt=\"Idee Fixe first office \" class=\"wp-image-10309\" style=\"aspect-ratio:1;object-fit:cover;width:412px;height:auto\" srcset=\"https:\/\/www.ideefixe.fr\/wp-content\/uploads\/2025\/07\/WhatsApp-Image-2025-04-29-at-14.51.53-1010x1024.jpeg 1010w, https:\/\/www.ideefixe.fr\/wp-content\/uploads\/2025\/07\/WhatsApp-Image-2025-04-29-at-14.51.53-296x300.jpeg 296w, https:\/\/www.ideefixe.fr\/wp-content\/uploads\/2025\/07\/WhatsApp-Image-2025-04-29-at-14.51.53-231x234.jpeg 231w, https:\/\/www.ideefixe.fr\/wp-content\/uploads\/2025\/07\/WhatsApp-Image-2025-04-29-at-14.51.53-768x779.jpeg 768w, https:\/\/www.ideefixe.fr\/wp-content\/uploads\/2025\/07\/WhatsApp-Image-2025-04-29-at-14.51.53.jpeg 1079w\" sizes=\"auto, (max-width: 1010px) 100vw, 1010px\" \/><figcaption class=\"wp-element-caption\"><em>1st premises Id\u00e9e Fixe &#8211; Saint-Hilaire-du-Harcou\u00ebt (50)<\/em><\/figcaption><\/figure>\n<\/div>\n<p class=\"has-bleu-marine-color has-text-color has-link-color wp-elements-4efa3ff7e5c976a729040e4e6b590110\"><strong>As for the name \u2018Id\u00e9e Fixe\u2019? Officially, it is simple, catchy and easy to remember. <\/strong> Unofficially&#8230; it was apparently found during a party. Legend has it that the employee responsible for registering the company remembered this original name perfectly among all the files she was processing. <\/p>\n\n<p class=\"has-bleu-marine-color has-text-color has-link-color wp-elements-3b0e03c1eb55abcab2a66d9ea8d948bc\">Why set up the company in Saint-Hilaire-du-Harcou\u00ebt, France while working with Parisian agencies? For Franck, it&#8217;s obvious: a return to his roots, in his native region. <\/p>\n\n<p class=\"has-bleu-marine-color has-text-color has-link-color wp-elements-131b8904455b9eb3b1519a61d793529e\">Little by little, Id\u00e9e Fixe found its rhythm. Parisian agencies called on them to design stands and fittings. The scale models, carefully transported in a custom-made crate, travelled across France in the cab of a lorry driver to arrive every Monday morning at a Parisian office.  <\/p>\n\n<p class=\"has-bleu-marine-color has-text-color has-link-color wp-elements-2649fecc6d99b730631d8773d4fec70c\">Franck is gradually expanding the client portfolio. The company is emerging from the shadows and beginning to sign projects under its own name. <\/p>\n\n<p class=\"has-bleu-marine-color has-text-color has-link-color wp-elements-a4ee44050ed86f04115ca34b43efcb3c\"><strong>In September 1990,<\/strong> the first employee joined the adventure. Regional clients, such as Ma\u00e9 Agencement, enriched the layout design aspect of the business. As for the manufacture of stands, this was carried out in Jacques&#8217; garage, who was responsible for all technical and carpentry aspects.  <\/p>\n\n<p class=\"has-bleu-marine-color has-text-color has-link-color wp-elements-6b9007fcde8dc4b1b96cad9d7db8963c\"><strong>During the 1990s,<\/strong> Id\u00e9e Fixe moved three times. The offices left the city centre and moved to Les \u00celes, then to the Zone Artisanale, where the team finally had a proper workshop. The number of carpenters grew, and friends regularly came to lend a hand.  <\/p>\n<div class=\"wp-block-image\">\n<figure class=\"aligncenter size-large is-resized\"><img loading=\"lazy\" decoding=\"async\" width=\"1024\" height=\"653\" src=\"https:\/\/www.ideefixe.fr\/wp-content\/uploads\/2025\/07\/WhatsApp-Image-2025-04-29-at-14.51.54-1-1024x653.jpeg\" alt=\"Id&#xE9;e Fixe story\" class=\"wp-image-10311\" style=\"width:676px;height:auto\" srcset=\"https:\/\/www.ideefixe.fr\/wp-content\/uploads\/2025\/07\/WhatsApp-Image-2025-04-29-at-14.51.54-1-1024x653.jpeg 1024w, https:\/\/www.ideefixe.fr\/wp-content\/uploads\/2025\/07\/WhatsApp-Image-2025-04-29-at-14.51.54-1-300x191.jpeg 300w, https:\/\/www.ideefixe.fr\/wp-content\/uploads\/2025\/07\/WhatsApp-Image-2025-04-29-at-14.51.54-1-234x149.jpeg 234w, https:\/\/www.ideefixe.fr\/wp-content\/uploads\/2025\/07\/WhatsApp-Image-2025-04-29-at-14.51.54-1-768x490.jpeg 768w, https:\/\/www.ideefixe.fr\/wp-content\/uploads\/2025\/07\/WhatsApp-Image-2025-04-29-at-14.51.54-1.jpeg 1059w\" sizes=\"auto, (max-width: 1024px) 100vw, 1024px\" \/><figcaption class=\"wp-element-caption\"><em>Jacques Brault (left) and Franck Seigneul (right) in front of their technical design offices, \u2018Les \u00celes\u2019.<\/em><\/figcaption><\/figure>\n<\/div><div class=\"wp-block-image\">\n<figure class=\"aligncenter size-large is-resized\"><img loading=\"lazy\" decoding=\"async\" width=\"1024\" height=\"685\" src=\"https:\/\/www.ideefixe.fr\/wp-content\/uploads\/2025\/07\/WhatsApp-Image-2025-04-29-at-14.51.54-1024x685.jpeg\" alt=\"Idee Fixe first office \" class=\"wp-image-10313\" style=\"width:677px;height:auto\" srcset=\"https:\/\/www.ideefixe.fr\/wp-content\/uploads\/2025\/07\/WhatsApp-Image-2025-04-29-at-14.51.54-1024x685.jpeg 1024w, https:\/\/www.ideefixe.fr\/wp-content\/uploads\/2025\/07\/WhatsApp-Image-2025-04-29-at-14.51.54-300x201.jpeg 300w, https:\/\/www.ideefixe.fr\/wp-content\/uploads\/2025\/07\/WhatsApp-Image-2025-04-29-at-14.51.54-234x157.jpeg 234w, https:\/\/www.ideefixe.fr\/wp-content\/uploads\/2025\/07\/WhatsApp-Image-2025-04-29-at-14.51.54-768x514.jpeg 768w, https:\/\/www.ideefixe.fr\/wp-content\/uploads\/2025\/07\/WhatsApp-Image-2025-04-29-at-14.51.54.jpeg 1085w\" sizes=\"auto, (max-width: 1024px) 100vw, 1024px\" \/><figcaption class=\"wp-element-caption\"><em>The workshop and its technical design offices in the Saint-Hilaire-du-Harcou\u00ebt Industrial Estate<\/em><\/figcaption><\/figure>\n<\/div>\n<p class=\"has-bleu-marine-color has-text-color has-link-color wp-elements-c78b5aa51e2b3b40fcb33cd3a4d0594d\">From the outset, a first Parisian office was opened near the Champs-\u00c9lys\u00e9es, facilitating business meetings and strengthening the company&#8217;s presence in the capital.<\/p>\n\n<p class=\"has-bleu-marine-color has-text-color has-link-color wp-elements-2aae0bd1c6749b2152c4bdcc044db290\"><strong>2001 ; ARRIVAL IN ST-PAIR-SUR-MER<\/strong><\/p>\n\n<p class=\"has-bleu-marine-color has-text-color has-link-color wp-elements-6a312ee243f05634c047e7c05e263e30\"><strong>Why not set up the offices and workshop by the sea?<\/strong> This is the question Jacques and Franck asked their ten employees as part of a collective approach. The choice was obvious: combine quality of life on the coast with keeping the existing teams in place. <\/p>\n<div class=\"wp-block-image\">\n<figure class=\"aligncenter size-large is-resized\"><img loading=\"lazy\" decoding=\"async\" width=\"1024\" height=\"683\" src=\"https:\/\/www.ideefixe.fr\/wp-content\/uploads\/2025\/07\/ChatGPT-Image-21-juil.-2025-18_15_50-1024x683.png\" alt=\"Id&#xE9;e Fixe Normandie Fa&#xE7;ade\" class=\"wp-image-10321\" style=\"width:600px\" srcset=\"https:\/\/www.ideefixe.fr\/wp-content\/uploads\/2025\/07\/ChatGPT-Image-21-juil.-2025-18_15_50-1024x683.png 1024w, https:\/\/www.ideefixe.fr\/wp-content\/uploads\/2025\/07\/ChatGPT-Image-21-juil.-2025-18_15_50-300x200.png 300w, https:\/\/www.ideefixe.fr\/wp-content\/uploads\/2025\/07\/ChatGPT-Image-21-juil.-2025-18_15_50-234x156.png 234w, https:\/\/www.ideefixe.fr\/wp-content\/uploads\/2025\/07\/ChatGPT-Image-21-juil.-2025-18_15_50-768x512.png 768w, https:\/\/www.ideefixe.fr\/wp-content\/uploads\/2025\/07\/ChatGPT-Image-21-juil.-2025-18_15_50.png 1536w\" sizes=\"auto, (max-width: 1024px) 100vw, 1024px\" \/><figcaption class=\"wp-element-caption\"><em>Id\u00e9e Fixe headquarter in Saint-Pair-sur-Mer, France<\/em><\/figcaption><\/figure>\n<\/div>\n<p class=\"has-bleu-marine-color has-text-color has-link-color wp-elements-d4d0dd37e87406db578d970d1dec2732\">Over the years, the team has grown and developed, and <strong>now has 40 employees spread across Saint-Pair-sur-Mer, Nantes and Paris&#8217;s 15th arrondissement.<\/strong><\/p>\n<div class=\"wp-block-image\">\n<figure class=\"aligncenter size-full is-resized\"><img loading=\"lazy\" decoding=\"async\" width=\"1020\" height=\"660\" src=\"https:\/\/www.ideefixe.fr\/wp-content\/uploads\/2022\/01\/273033507_3183919381842364_3600932555233262565_n.jpg\" alt=\"Id&#xE9;e Fixe Offices in Paris\" class=\"wp-image-2901\" style=\"width:688px;height:auto\" srcset=\"https:\/\/www.ideefixe.fr\/wp-content\/uploads\/2022\/01\/273033507_3183919381842364_3600932555233262565_n.jpg 1020w, https:\/\/www.ideefixe.fr\/wp-content\/uploads\/2022\/01\/273033507_3183919381842364_3600932555233262565_n-300x194.jpg 300w, https:\/\/www.ideefixe.fr\/wp-content\/uploads\/2022\/01\/273033507_3183919381842364_3600932555233262565_n-768x497.jpg 768w\" sizes=\"auto, (max-width: 1020px) 100vw, 1020px\" \/><figcaption class=\"wp-element-caption\"><em>Id\u00e9e Fixe Offices in Paris &#8211; 15th arrondissement <\/em><\/figcaption><\/figure>\n<\/div>\n<p class=\"has-bleu-marine-color has-text-color has-link-color wp-elements-39f3a87d0ddd79eb0b733b8ec2fd9cdc\"><strong>In 2003, Franck Picot joined the adventure, followed in 2012 by Jean-Michel Hillmeyer. Together, they form a complementary trio that still runs the company today.<\/strong><\/p>\n<div class=\"wp-block-image\">\n<figure class=\"aligncenter size-large is-resized\"><img loading=\"lazy\" decoding=\"async\" width=\"1024\" height=\"684\" src=\"https:\/\/www.ideefixe.fr\/wp-content\/uploads\/2025\/07\/direction-1024x684.jpg\" alt=\"Id&#xE9;e Fixe Managers \" class=\"wp-image-10317\" style=\"width:582px;height:auto\" srcset=\"https:\/\/www.ideefixe.fr\/wp-content\/uploads\/2025\/07\/direction-1024x684.jpg 1024w, https:\/\/www.ideefixe.fr\/wp-content\/uploads\/2025\/07\/direction-300x200.jpg 300w, https:\/\/www.ideefixe.fr\/wp-content\/uploads\/2025\/07\/direction-234x156.jpg 234w, https:\/\/www.ideefixe.fr\/wp-content\/uploads\/2025\/07\/direction-768x513.jpg 768w, https:\/\/www.ideefixe.fr\/wp-content\/uploads\/2025\/07\/direction-1536x1025.jpg 1536w, https:\/\/www.ideefixe.fr\/wp-content\/uploads\/2025\/07\/direction-2048x1367.jpg 2048w\" sizes=\"auto, (max-width: 1024px) 100vw, 1024px\" \/><figcaption class=\"wp-element-caption\">(From left to right) Franck Seigneul, Franck Picot &amp; Jean-Michel Hillmeyer<\/figcaption><\/figure>\n<\/div>\n<p><\/p>\n\n<p><\/p>\n\n<p class=\"has-bleu-marine-color has-text-color has-link-color wp-elements-49b1277b7ac5d89715ea8c3c82e36d1d\"><strong>Jacques, co-founder, retired in 2013.<\/strong><\/p>\n\n<p class=\"has-bleu-marine-color has-text-color has-link-color wp-elements-4bf2df9cec1ca7e473b86cde8665ed39\"><strong>What is Id\u00e9e Fixe&#8217;s real strength? Knowing how to capitalise on complementary talents. Because while we may go faster alone, together we go further.  <\/strong><\/p>\n\n<p class=\"has-bleu-marine-color has-text-color has-link-color wp-elements-c4675c7415ccba5b512d19b7ec1deaaf\">\u2018I am proud to see that the story continues and that the family DNA of the company remains intact. The next ten years will be decisive for me. I will know when to stop at the right time, without overstaying my welcome,\u2019 concludes Franck Seigneul.<\/p>\n\n<p><\/p>\n\n<h2 class=\"wp-block-heading has-bleu-marine-color has-text-color has-link-color wp-elements-db7ca3ee3eb562a8bfdb521da957239e\">THE IDEE FIXE TRIBE<\/h2>\n\n<p><\/p>\n\n<p class=\"has-bleu-marine-color has-text-color has-link-color wp-elements-2ad48ce8212c8dda7f3ac619aa93e219\">Here are the faces behind Id\u00e9e Fixe on a daily basis: salespeople, creatives, technicians, carpenters, logisticians&#8230; and all the support staff without whom none of this would be possible. <\/p>\n\n<p class=\"has-bleu-marine-color has-text-color has-link-color wp-elements-922282cf9178cc9a56abc8c592ad06c5\"><strong>Since 1990, this wonderful collective adventure has been driving us forward&#8230; and this is only the beginning.<\/strong><\/p>\n\n<p><\/p>\n\n<figure class=\"wp-block-embed aligncenter is-type-video is-provider-youtube wp-block-embed-youtube wp-embed-aspect-16-9 wp-has-aspect-ratio\"><div class=\"wp-block-embed__wrapper\">\n<iframe loading=\"lazy\" title=\"Id\u00e9e Fixe : Portraits\" width=\"640\" height=\"360\" src=\"https:\/\/www.youtube.com\/embed\/3GdeAIWeS5c?feature=oembed\" frameborder=\"0\" allow=\"accelerometer; autoplay; clipboard-write; encrypted-media; gyroscope; picture-in-picture; web-share\" referrerpolicy=\"strict-origin-when-cross-origin\" allowfullscreen><\/iframe>\n<\/div><\/figure>\n\n<p><\/p>\n\n<p><\/p>\n\n<p>For more information, read our <a href=\"https:\/\/www.ideefixe.fr\/en\/idee-fixe-expert-in-stand-design-and-layout\/\">agency page.<\/a><\/p>\n","protected":false},"excerpt":{"rendered":"<p>The story of Id\u00e9e Fixe told by its co-founder Franck Seigneul&#8230;<\/p>\n","protected":false},"author":2,"featured_media":10316,"comment_status":"closed","ping_status":"closed","sticky":false,"template":"","format":"standard","meta":{"_acf_changed":false,"footnotes":""},"categories":[17],"tags":[],"class_list":["post-10736","post","type-post","status-publish","format-standard","has-post-thumbnail","hentry","category-uncategorized"],"acf":[],"yoast_head":"<!-- This site is optimized with the Yoast SEO plugin v27.4 - https:\/\/yoast.com\/product\/yoast-seo-wordpress\/ -->\n<title>Idee Fixe story<\/title>\n<meta name=\"description\" content=\"Discover the history and teams behind Id\u00e9e Fixe, a Normandy-based exhibition stand and interior design company founded in 1990.\" \/>\n<meta name=\"robots\" content=\"index, follow, max-snippet:-1, max-image-preview:large, max-video-preview:-1\" \/>\n<link rel=\"canonical\" href=\"https:\/\/www.ideefixe.fr\/en\/once-upon-a-time-there-was-idee-fixe\/\" \/>\n<meta property=\"og:locale\" content=\"en_US\" \/>\n<meta property=\"og:type\" content=\"article\" \/>\n<meta property=\"og:title\" content=\"Idee Fixe story\" \/>\n<meta property=\"og:description\" content=\"Discover the history and teams behind Id\u00e9e Fixe, a Normandy-based exhibition stand and interior design company founded in 1990.\" \/>\n<meta property=\"og:url\" content=\"https:\/\/www.ideefixe.fr\/en\/once-upon-a-time-there-was-idee-fixe\/\" \/>\n<meta property=\"og:site_name\" content=\"Id\u00e9e Fixe\" \/>\n<meta property=\"article:published_time\" content=\"2025-10-27T15:49:25+00:00\" \/>\n<meta property=\"article:modified_time\" content=\"2025-10-27T15:49:26+00:00\" \/>\n<meta property=\"og:image\" content=\"https:\/\/www.ideefixe.fr\/wp-content\/uploads\/2025\/07\/facade.jpg\" \/>\n\t<meta property=\"og:image:width\" content=\"1349\" \/>\n\t<meta property=\"og:image:height\" content=\"1432\" \/>\n\t<meta property=\"og:image:type\" content=\"image\/jpeg\" \/>\n<meta name=\"author\" content=\"IdeeFixeAdmin\" \/>\n<meta name=\"twitter:card\" content=\"summary_large_image\" \/>\n<meta name=\"twitter:label1\" content=\"Written by\" \/>\n\t<meta name=\"twitter:data1\" content=\"IdeeFixeAdmin\" \/>\n\t<meta name=\"twitter:label2\" content=\"Est. reading time\" \/>\n\t<meta name=\"twitter:data2\" content=\"3 minutes\" \/>\n<script type=\"application\/ld+json\" class=\"yoast-schema-graph\">{\"@context\":\"https:\\\/\\\/schema.org\",\"@graph\":[{\"@type\":\"Article\",\"@id\":\"https:\\\/\\\/www.ideefixe.fr\\\/en\\\/once-upon-a-time-there-was-idee-fixe\\\/#article\",\"isPartOf\":{\"@id\":\"https:\\\/\\\/www.ideefixe.fr\\\/en\\\/once-upon-a-time-there-was-idee-fixe\\\/\"},\"author\":{\"name\":\"IdeeFixeAdmin\",\"@id\":\"https:\\\/\\\/www.ideefixe.fr\\\/en\\\/#\\\/schema\\\/person\\\/4057d92613c3c472395ed0356e924930\"},\"headline\":\"Once upon a time there was Id\u00e9e Fixe&#8230;\",\"datePublished\":\"2025-10-27T15:49:25+00:00\",\"dateModified\":\"2025-10-27T15:49:26+00:00\",\"mainEntityOfPage\":{\"@id\":\"https:\\\/\\\/www.ideefixe.fr\\\/en\\\/once-upon-a-time-there-was-idee-fixe\\\/\"},\"wordCount\":673,\"publisher\":{\"@id\":\"https:\\\/\\\/www.ideefixe.fr\\\/en\\\/#organization\"},\"image\":{\"@id\":\"https:\\\/\\\/www.ideefixe.fr\\\/en\\\/once-upon-a-time-there-was-idee-fixe\\\/#primaryimage\"},\"thumbnailUrl\":\"https:\\\/\\\/www.ideefixe.fr\\\/wp-content\\\/uploads\\\/2025\\\/07\\\/facade.jpg\",\"inLanguage\":\"en-US\"},{\"@type\":\"WebPage\",\"@id\":\"https:\\\/\\\/www.ideefixe.fr\\\/en\\\/once-upon-a-time-there-was-idee-fixe\\\/\",\"url\":\"https:\\\/\\\/www.ideefixe.fr\\\/en\\\/once-upon-a-time-there-was-idee-fixe\\\/\",\"name\":\"Idee Fixe story\",\"isPartOf\":{\"@id\":\"https:\\\/\\\/www.ideefixe.fr\\\/en\\\/#website\"},\"primaryImageOfPage\":{\"@id\":\"https:\\\/\\\/www.ideefixe.fr\\\/en\\\/once-upon-a-time-there-was-idee-fixe\\\/#primaryimage\"},\"image\":{\"@id\":\"https:\\\/\\\/www.ideefixe.fr\\\/en\\\/once-upon-a-time-there-was-idee-fixe\\\/#primaryimage\"},\"thumbnailUrl\":\"https:\\\/\\\/www.ideefixe.fr\\\/wp-content\\\/uploads\\\/2025\\\/07\\\/facade.jpg\",\"datePublished\":\"2025-10-27T15:49:25+00:00\",\"dateModified\":\"2025-10-27T15:49:26+00:00\",\"description\":\"Discover the history and teams behind Id\u00e9e Fixe, a Normandy-based exhibition stand and interior design company founded in 1990.\",\"breadcrumb\":{\"@id\":\"https:\\\/\\\/www.ideefixe.fr\\\/en\\\/once-upon-a-time-there-was-idee-fixe\\\/#breadcrumb\"},\"inLanguage\":\"en-US\",\"potentialAction\":[{\"@type\":\"ReadAction\",\"target\":[\"https:\\\/\\\/www.ideefixe.fr\\\/en\\\/once-upon-a-time-there-was-idee-fixe\\\/\"]}]},{\"@type\":\"ImageObject\",\"inLanguage\":\"en-US\",\"@id\":\"https:\\\/\\\/www.ideefixe.fr\\\/en\\\/once-upon-a-time-there-was-idee-fixe\\\/#primaryimage\",\"url\":\"https:\\\/\\\/www.ideefixe.fr\\\/wp-content\\\/uploads\\\/2025\\\/07\\\/facade.jpg\",\"contentUrl\":\"https:\\\/\\\/www.ideefixe.fr\\\/wp-content\\\/uploads\\\/2025\\\/07\\\/facade.jpg\",\"width\":1349,\"height\":1432,\"caption\":\"Si\u00e8ge Id\u00e9e Fixe Saint Pair sur Mer\"},{\"@type\":\"BreadcrumbList\",\"@id\":\"https:\\\/\\\/www.ideefixe.fr\\\/en\\\/once-upon-a-time-there-was-idee-fixe\\\/#breadcrumb\",\"itemListElement\":[{\"@type\":\"ListItem\",\"position\":1,\"name\":\"Id\u00e9e Fixe\",\"item\":\"https:\\\/\\\/www.ideefixe.fr\\\/en\\\/\"},{\"@type\":\"ListItem\",\"position\":2,\"name\":\"Once upon a time there was Id\u00e9e Fixe&#8230;\"}]},{\"@type\":\"WebSite\",\"@id\":\"https:\\\/\\\/www.ideefixe.fr\\\/en\\\/#website\",\"url\":\"https:\\\/\\\/www.ideefixe.fr\\\/en\\\/\",\"name\":\"Id\u00e9e Fixe\",\"description\":\"Expert en architectures durables et \u00e9ph\u00e9m\u00e8res depuis 1990.\",\"publisher\":{\"@id\":\"https:\\\/\\\/www.ideefixe.fr\\\/en\\\/#organization\"},\"potentialAction\":[{\"@type\":\"SearchAction\",\"target\":{\"@type\":\"EntryPoint\",\"urlTemplate\":\"https:\\\/\\\/www.ideefixe.fr\\\/en\\\/?s={search_term_string}\"},\"query-input\":{\"@type\":\"PropertyValueSpecification\",\"valueRequired\":true,\"valueName\":\"search_term_string\"}}],\"inLanguage\":\"en-US\"},{\"@type\":\"Organization\",\"@id\":\"https:\\\/\\\/www.ideefixe.fr\\\/en\\\/#organization\",\"name\":\"Id\u00e9e Fixe\",\"url\":\"https:\\\/\\\/www.ideefixe.fr\\\/en\\\/\",\"logo\":{\"@type\":\"ImageObject\",\"inLanguage\":\"en-US\",\"@id\":\"https:\\\/\\\/www.ideefixe.fr\\\/en\\\/#\\\/schema\\\/logo\\\/image\\\/\",\"url\":\"https:\\\/\\\/www.ideefixe.fr\\\/wp-content\\\/uploads\\\/2021\\\/11\\\/logo-idee-fixe.svg\",\"contentUrl\":\"https:\\\/\\\/www.ideefixe.fr\\\/wp-content\\\/uploads\\\/2021\\\/11\\\/logo-idee-fixe.svg\",\"width\":1,\"height\":1,\"caption\":\"Id\u00e9e Fixe\"},\"image\":{\"@id\":\"https:\\\/\\\/www.ideefixe.fr\\\/en\\\/#\\\/schema\\\/logo\\\/image\\\/\"}},{\"@type\":\"Person\",\"@id\":\"https:\\\/\\\/www.ideefixe.fr\\\/en\\\/#\\\/schema\\\/person\\\/4057d92613c3c472395ed0356e924930\",\"name\":\"IdeeFixeAdmin\",\"image\":{\"@type\":\"ImageObject\",\"inLanguage\":\"en-US\",\"@id\":\"https:\\\/\\\/secure.gravatar.com\\\/avatar\\\/82043675a917ad0774999b63d4ecffd083e720755706a645e1573ff7eb0ef077?s=96&d=mm&r=g\",\"url\":\"https:\\\/\\\/secure.gravatar.com\\\/avatar\\\/82043675a917ad0774999b63d4ecffd083e720755706a645e1573ff7eb0ef077?s=96&d=mm&r=g\",\"contentUrl\":\"https:\\\/\\\/secure.gravatar.com\\\/avatar\\\/82043675a917ad0774999b63d4ecffd083e720755706a645e1573ff7eb0ef077?s=96&d=mm&r=g\",\"caption\":\"IdeeFixeAdmin\"}}]}<\/script>\n<!-- \/ Yoast SEO plugin. -->","yoast_head_json":{"title":"Idee Fixe story","description":"Discover the history and teams behind Id\u00e9e Fixe, a Normandy-based exhibition stand and interior design company founded in 1990.","robots":{"index":"index","follow":"follow","max-snippet":"max-snippet:-1","max-image-preview":"max-image-preview:large","max-video-preview":"max-video-preview:-1"},"canonical":"https:\/\/www.ideefixe.fr\/en\/once-upon-a-time-there-was-idee-fixe\/","og_locale":"en_US","og_type":"article","og_title":"Idee Fixe story","og_description":"Discover the history and teams behind Id\u00e9e Fixe, a Normandy-based exhibition stand and interior design company founded in 1990.","og_url":"https:\/\/www.ideefixe.fr\/en\/once-upon-a-time-there-was-idee-fixe\/","og_site_name":"Id\u00e9e Fixe","article_published_time":"2025-10-27T15:49:25+00:00","article_modified_time":"2025-10-27T15:49:26+00:00","og_image":[{"width":1349,"height":1432,"url":"https:\/\/www.ideefixe.fr\/wp-content\/uploads\/2025\/07\/facade.jpg","type":"image\/jpeg"}],"author":"IdeeFixeAdmin","twitter_card":"summary_large_image","twitter_misc":{"Written by":"IdeeFixeAdmin","Est. reading time":"3 minutes"},"schema":{"@context":"https:\/\/schema.org","@graph":[{"@type":"Article","@id":"https:\/\/www.ideefixe.fr\/en\/once-upon-a-time-there-was-idee-fixe\/#article","isPartOf":{"@id":"https:\/\/www.ideefixe.fr\/en\/once-upon-a-time-there-was-idee-fixe\/"},"author":{"name":"IdeeFixeAdmin","@id":"https:\/\/www.ideefixe.fr\/en\/#\/schema\/person\/4057d92613c3c472395ed0356e924930"},"headline":"Once upon a time there was Id\u00e9e Fixe&#8230;","datePublished":"2025-10-27T15:49:25+00:00","dateModified":"2025-10-27T15:49:26+00:00","mainEntityOfPage":{"@id":"https:\/\/www.ideefixe.fr\/en\/once-upon-a-time-there-was-idee-fixe\/"},"wordCount":673,"publisher":{"@id":"https:\/\/www.ideefixe.fr\/en\/#organization"},"image":{"@id":"https:\/\/www.ideefixe.fr\/en\/once-upon-a-time-there-was-idee-fixe\/#primaryimage"},"thumbnailUrl":"https:\/\/www.ideefixe.fr\/wp-content\/uploads\/2025\/07\/facade.jpg","inLanguage":"en-US"},{"@type":"WebPage","@id":"https:\/\/www.ideefixe.fr\/en\/once-upon-a-time-there-was-idee-fixe\/","url":"https:\/\/www.ideefixe.fr\/en\/once-upon-a-time-there-was-idee-fixe\/","name":"Idee Fixe story","isPartOf":{"@id":"https:\/\/www.ideefixe.fr\/en\/#website"},"primaryImageOfPage":{"@id":"https:\/\/www.ideefixe.fr\/en\/once-upon-a-time-there-was-idee-fixe\/#primaryimage"},"image":{"@id":"https:\/\/www.ideefixe.fr\/en\/once-upon-a-time-there-was-idee-fixe\/#primaryimage"},"thumbnailUrl":"https:\/\/www.ideefixe.fr\/wp-content\/uploads\/2025\/07\/facade.jpg","datePublished":"2025-10-27T15:49:25+00:00","dateModified":"2025-10-27T15:49:26+00:00","description":"Discover the history and teams behind Id\u00e9e Fixe, a Normandy-based exhibition stand and interior design company founded in 1990.","breadcrumb":{"@id":"https:\/\/www.ideefixe.fr\/en\/once-upon-a-time-there-was-idee-fixe\/#breadcrumb"},"inLanguage":"en-US","potentialAction":[{"@type":"ReadAction","target":["https:\/\/www.ideefixe.fr\/en\/once-upon-a-time-there-was-idee-fixe\/"]}]},{"@type":"ImageObject","inLanguage":"en-US","@id":"https:\/\/www.ideefixe.fr\/en\/once-upon-a-time-there-was-idee-fixe\/#primaryimage","url":"https:\/\/www.ideefixe.fr\/wp-content\/uploads\/2025\/07\/facade.jpg","contentUrl":"https:\/\/www.ideefixe.fr\/wp-content\/uploads\/2025\/07\/facade.jpg","width":1349,"height":1432,"caption":"Si\u00e8ge Id\u00e9e Fixe Saint Pair sur Mer"},{"@type":"BreadcrumbList","@id":"https:\/\/www.ideefixe.fr\/en\/once-upon-a-time-there-was-idee-fixe\/#breadcrumb","itemListElement":[{"@type":"ListItem","position":1,"name":"Id\u00e9e Fixe","item":"https:\/\/www.ideefixe.fr\/en\/"},{"@type":"ListItem","position":2,"name":"Once upon a time there was Id\u00e9e Fixe&#8230;"}]},{"@type":"WebSite","@id":"https:\/\/www.ideefixe.fr\/en\/#website","url":"https:\/\/www.ideefixe.fr\/en\/","name":"Id\u00e9e Fixe","description":"Expert en architectures durables et \u00e9ph\u00e9m\u00e8res depuis 1990.","publisher":{"@id":"https:\/\/www.ideefixe.fr\/en\/#organization"},"potentialAction":[{"@type":"SearchAction","target":{"@type":"EntryPoint","urlTemplate":"https:\/\/www.ideefixe.fr\/en\/?s={search_term_string}"},"query-input":{"@type":"PropertyValueSpecification","valueRequired":true,"valueName":"search_term_string"}}],"inLanguage":"en-US"},{"@type":"Organization","@id":"https:\/\/www.ideefixe.fr\/en\/#organization","name":"Id\u00e9e Fixe","url":"https:\/\/www.ideefixe.fr\/en\/","logo":{"@type":"ImageObject","inLanguage":"en-US","@id":"https:\/\/www.ideefixe.fr\/en\/#\/schema\/logo\/image\/","url":"https:\/\/www.ideefixe.fr\/wp-content\/uploads\/2021\/11\/logo-idee-fixe.svg","contentUrl":"https:\/\/www.ideefixe.fr\/wp-content\/uploads\/2021\/11\/logo-idee-fixe.svg","width":1,"height":1,"caption":"Id\u00e9e Fixe"},"image":{"@id":"https:\/\/www.ideefixe.fr\/en\/#\/schema\/logo\/image\/"}},{"@type":"Person","@id":"https:\/\/www.ideefixe.fr\/en\/#\/schema\/person\/4057d92613c3c472395ed0356e924930","name":"IdeeFixeAdmin","image":{"@type":"ImageObject","inLanguage":"en-US","@id":"https:\/\/secure.gravatar.com\/avatar\/82043675a917ad0774999b63d4ecffd083e720755706a645e1573ff7eb0ef077?s=96&d=mm&r=g","url":"https:\/\/secure.gravatar.com\/avatar\/82043675a917ad0774999b63d4ecffd083e720755706a645e1573ff7eb0ef077?s=96&d=mm&r=g","contentUrl":"https:\/\/secure.gravatar.com\/avatar\/82043675a917ad0774999b63d4ecffd083e720755706a645e1573ff7eb0ef077?s=96&d=mm&r=g","caption":"IdeeFixeAdmin"}}]}},"_links":{"self":[{"href":"https:\/\/www.ideefixe.fr\/en\/wp-json\/wp\/v2\/posts\/10736","targetHints":{"allow":["GET"]}}],"collection":[{"href":"https:\/\/www.ideefixe.fr\/en\/wp-json\/wp\/v2\/posts"}],"about":[{"href":"https:\/\/www.ideefixe.fr\/en\/wp-json\/wp\/v2\/types\/post"}],"author":[{"embeddable":true,"href":"https:\/\/www.ideefixe.fr\/en\/wp-json\/wp\/v2\/users\/2"}],"replies":[{"embeddable":true,"href":"https:\/\/www.ideefixe.fr\/en\/wp-json\/wp\/v2\/comments?post=10736"}],"version-history":[{"count":1,"href":"https:\/\/www.ideefixe.fr\/en\/wp-json\/wp\/v2\/posts\/10736\/revisions"}],"predecessor-version":[{"id":10737,"href":"https:\/\/www.ideefixe.fr\/en\/wp-json\/wp\/v2\/posts\/10736\/revisions\/10737"}],"wp:featuredmedia":[{"embeddable":true,"href":"https:\/\/www.ideefixe.fr\/en\/wp-json\/wp\/v2\/media\/10316"}],"wp:attachment":[{"href":"https:\/\/www.ideefixe.fr\/en\/wp-json\/wp\/v2\/media?parent=10736"}],"wp:term":[{"taxonomy":"category","embeddable":true,"href":"https:\/\/www.ideefixe.fr\/en\/wp-json\/wp\/v2\/categories?post=10736"},{"taxonomy":"post_tag","embeddable":true,"href":"https:\/\/www.ideefixe.fr\/en\/wp-json\/wp\/v2\/tags?post=10736"}],"curies":[{"name":"wp","href":"https:\/\/api.w.org\/{rel}","templated":true}]}}