{"id":1515,"date":"2021-04-18T09:58:51","date_gmt":"2021-04-18T07:58:51","guid":{"rendered":"https:\/\/www.ideefixe.fr\/idee-fixe-mae-agencement\/"},"modified":"2022-04-01T11:36:41","modified_gmt":"2022-04-01T09:36:41","slug":"idee-fixe-mae-agencement","status":"publish","type":"post","link":"https:\/\/www.ideefixe.fr\/en\/idee-fixe-mae-agencement\/","title":{"rendered":"Id\u00e9e Fixe + Ma\u00e9 Agencement"},"content":{"rendered":"","protected":false},"excerpt":{"rendered":"<p>A synergy is taking place between these two companies with complementary know-how.<br \/>\nIndeed, the first one imagines and realizes projects of sustainable architecture (offices, shops&#8230;.) and ephemeral (stands) intended for the professionals while the second one conceives and manufactures furniture for these same arrangements for the professionals but also the private individuals.<br \/>\nThe 3 Id\u00e9e Fixe partners are accompanied by Vincent Bindet, already a partner in the Ma\u00e9 Agencement adventure, and their objective is to breathe new life into the Normandy-based company whose know-how and excellence have been recognized since its creation in 1985.<\/p>\n","protected":false},"author":4,"featured_media":1294,"comment_status":"open","ping_status":"open","sticky":false,"template":"","format":"standard","meta":{"_acf_changed":false,"footnotes":""},"categories":[17],"tags":[],"class_list":["post-1515","post","type-post","status-publish","format-standard","has-post-thumbnail","hentry","category-uncategorized"],"acf":[],"yoast_head":"<!-- This site is optimized with the Yoast SEO plugin v27.4 - https:\/\/yoast.com\/product\/yoast-seo-wordpress\/ -->\n<title>Id\u00e9e Fixe + Ma\u00e9 Agencement - Id\u00e9e Fixe<\/title>\n<meta name=\"robots\" content=\"index, follow, max-snippet:-1, max-image-preview:large, max-video-preview:-1\" \/>\n<link rel=\"canonical\" href=\"https:\/\/www.ideefixe.fr\/en\/idee-fixe-mae-agencement\/\" \/>\n<meta property=\"og:locale\" content=\"en_US\" \/>\n<meta property=\"og:type\" content=\"article\" \/>\n<meta property=\"og:title\" content=\"Id\u00e9e Fixe + Ma\u00e9 Agencement - Id\u00e9e Fixe\" \/>\n<meta property=\"og:description\" content=\"A synergy is taking place between these two companies with complementary know-how. Indeed, the first one imagines and realizes projects of sustainable architecture (offices, shops....) and ephemeral (stands) intended for the professionals while the second one conceives and manufactures furniture for these same arrangements for the professionals but also the private individuals. The 3 Id\u00e9e Fixe partners are accompanied by Vincent Bindet, already a partner in the Ma\u00e9 Agencement adventure, and their objective is to breathe new life into the Normandy-based company whose know-how and excellence have been recognized since its creation in 1985.\" \/>\n<meta property=\"og:url\" content=\"https:\/\/www.ideefixe.fr\/en\/idee-fixe-mae-agencement\/\" \/>\n<meta property=\"og:site_name\" content=\"Id\u00e9e Fixe\" \/>\n<meta property=\"article:published_time\" content=\"2021-04-18T07:58:51+00:00\" \/>\n<meta property=\"article:modified_time\" content=\"2022-04-01T09:36:41+00:00\" \/>\n<meta property=\"og:image\" content=\"https:\/\/www.ideefixe.fr\/wp-content\/uploads\/2022\/02\/dessinmae.jpg\" \/>\n\t<meta property=\"og:image:width\" content=\"1228\" \/>\n\t<meta property=\"og:image:height\" content=\"1840\" \/>\n\t<meta property=\"og:image:type\" content=\"image\/jpeg\" \/>\n<meta name=\"author\" content=\"Agence Mediapilote\" \/>\n<meta name=\"twitter:card\" content=\"summary_large_image\" \/>\n<meta name=\"twitter:label1\" content=\"Written by\" \/>\n\t<meta name=\"twitter:data1\" content=\"Agence Mediapilote\" \/>\n<script type=\"application\/ld+json\" class=\"yoast-schema-graph\">{\"@context\":\"https:\\\/\\\/schema.org\",\"@graph\":[{\"@type\":\"Article\",\"@id\":\"https:\\\/\\\/www.ideefixe.fr\\\/en\\\/idee-fixe-mae-agencement\\\/#article\",\"isPartOf\":{\"@id\":\"https:\\\/\\\/www.ideefixe.fr\\\/en\\\/idee-fixe-mae-agencement\\\/\"},\"author\":{\"name\":\"Agence Mediapilote\",\"@id\":\"https:\\\/\\\/www.ideefixe.fr\\\/en\\\/#\\\/schema\\\/person\\\/ac5280fd30e1d7fc7f1fc6cb33f65e00\"},\"headline\":\"Id\u00e9e Fixe + Ma\u00e9 Agencement\",\"datePublished\":\"2021-04-18T07:58:51+00:00\",\"dateModified\":\"2022-04-01T09:36:41+00:00\",\"mainEntityOfPage\":{\"@id\":\"https:\\\/\\\/www.ideefixe.fr\\\/en\\\/idee-fixe-mae-agencement\\\/\"},\"wordCount\":5,\"commentCount\":0,\"publisher\":{\"@id\":\"https:\\\/\\\/www.ideefixe.fr\\\/en\\\/#organization\"},\"image\":{\"@id\":\"https:\\\/\\\/www.ideefixe.fr\\\/en\\\/idee-fixe-mae-agencement\\\/#primaryimage\"},\"thumbnailUrl\":\"https:\\\/\\\/www.ideefixe.fr\\\/wp-content\\\/uploads\\\/2022\\\/02\\\/dessinmae.jpg\",\"inLanguage\":\"en-US\"},{\"@type\":\"WebPage\",\"@id\":\"https:\\\/\\\/www.ideefixe.fr\\\/en\\\/idee-fixe-mae-agencement\\\/\",\"url\":\"https:\\\/\\\/www.ideefixe.fr\\\/en\\\/idee-fixe-mae-agencement\\\/\",\"name\":\"Id\u00e9e Fixe + Ma\u00e9 Agencement - Id\u00e9e Fixe\",\"isPartOf\":{\"@id\":\"https:\\\/\\\/www.ideefixe.fr\\\/en\\\/#website\"},\"primaryImageOfPage\":{\"@id\":\"https:\\\/\\\/www.ideefixe.fr\\\/en\\\/idee-fixe-mae-agencement\\\/#primaryimage\"},\"image\":{\"@id\":\"https:\\\/\\\/www.ideefixe.fr\\\/en\\\/idee-fixe-mae-agencement\\\/#primaryimage\"},\"thumbnailUrl\":\"https:\\\/\\\/www.ideefixe.fr\\\/wp-content\\\/uploads\\\/2022\\\/02\\\/dessinmae.jpg\",\"datePublished\":\"2021-04-18T07:58:51+00:00\",\"dateModified\":\"2022-04-01T09:36:41+00:00\",\"breadcrumb\":{\"@id\":\"https:\\\/\\\/www.ideefixe.fr\\\/en\\\/idee-fixe-mae-agencement\\\/#breadcrumb\"},\"inLanguage\":\"en-US\",\"potentialAction\":[{\"@type\":\"ReadAction\",\"target\":[\"https:\\\/\\\/www.ideefixe.fr\\\/en\\\/idee-fixe-mae-agencement\\\/\"]}]},{\"@type\":\"ImageObject\",\"inLanguage\":\"en-US\",\"@id\":\"https:\\\/\\\/www.ideefixe.fr\\\/en\\\/idee-fixe-mae-agencement\\\/#primaryimage\",\"url\":\"https:\\\/\\\/www.ideefixe.fr\\\/wp-content\\\/uploads\\\/2022\\\/02\\\/dessinmae.jpg\",\"contentUrl\":\"https:\\\/\\\/www.ideefixe.fr\\\/wp-content\\\/uploads\\\/2022\\\/02\\\/dessinmae.jpg\",\"width\":1228,\"height\":1840},{\"@type\":\"BreadcrumbList\",\"@id\":\"https:\\\/\\\/www.ideefixe.fr\\\/en\\\/idee-fixe-mae-agencement\\\/#breadcrumb\",\"itemListElement\":[{\"@type\":\"ListItem\",\"position\":1,\"name\":\"Id\u00e9e Fixe\",\"item\":\"https:\\\/\\\/www.ideefixe.fr\\\/en\\\/\"},{\"@type\":\"ListItem\",\"position\":2,\"name\":\"Id\u00e9e Fixe + Ma\u00e9 Agencement\"}]},{\"@type\":\"WebSite\",\"@id\":\"https:\\\/\\\/www.ideefixe.fr\\\/en\\\/#website\",\"url\":\"https:\\\/\\\/www.ideefixe.fr\\\/en\\\/\",\"name\":\"Id\u00e9e Fixe\",\"description\":\"Expert en architectures durables et \u00e9ph\u00e9m\u00e8res depuis 1990.\",\"publisher\":{\"@id\":\"https:\\\/\\\/www.ideefixe.fr\\\/en\\\/#organization\"},\"potentialAction\":[{\"@type\":\"SearchAction\",\"target\":{\"@type\":\"EntryPoint\",\"urlTemplate\":\"https:\\\/\\\/www.ideefixe.fr\\\/en\\\/?s={search_term_string}\"},\"query-input\":{\"@type\":\"PropertyValueSpecification\",\"valueRequired\":true,\"valueName\":\"search_term_string\"}}],\"inLanguage\":\"en-US\"},{\"@type\":\"Organization\",\"@id\":\"https:\\\/\\\/www.ideefixe.fr\\\/en\\\/#organization\",\"name\":\"Id\u00e9e Fixe\",\"url\":\"https:\\\/\\\/www.ideefixe.fr\\\/en\\\/\",\"logo\":{\"@type\":\"ImageObject\",\"inLanguage\":\"en-US\",\"@id\":\"https:\\\/\\\/www.ideefixe.fr\\\/en\\\/#\\\/schema\\\/logo\\\/image\\\/\",\"url\":\"https:\\\/\\\/www.ideefixe.fr\\\/wp-content\\\/uploads\\\/2021\\\/11\\\/logo-idee-fixe.svg\",\"contentUrl\":\"https:\\\/\\\/www.ideefixe.fr\\\/wp-content\\\/uploads\\\/2021\\\/11\\\/logo-idee-fixe.svg\",\"width\":1,\"height\":1,\"caption\":\"Id\u00e9e Fixe\"},\"image\":{\"@id\":\"https:\\\/\\\/www.ideefixe.fr\\\/en\\\/#\\\/schema\\\/logo\\\/image\\\/\"}},{\"@type\":\"Person\",\"@id\":\"https:\\\/\\\/www.ideefixe.fr\\\/en\\\/#\\\/schema\\\/person\\\/ac5280fd30e1d7fc7f1fc6cb33f65e00\",\"name\":\"Agence Mediapilote\",\"image\":{\"@type\":\"ImageObject\",\"inLanguage\":\"en-US\",\"@id\":\"https:\\\/\\\/secure.gravatar.com\\\/avatar\\\/99fa72412867d4273b94d63a8540e76ea58aa9eaddfff6fb31bcc00df60de15d?s=96&d=mm&r=g\",\"url\":\"https:\\\/\\\/secure.gravatar.com\\\/avatar\\\/99fa72412867d4273b94d63a8540e76ea58aa9eaddfff6fb31bcc00df60de15d?s=96&d=mm&r=g\",\"contentUrl\":\"https:\\\/\\\/secure.gravatar.com\\\/avatar\\\/99fa72412867d4273b94d63a8540e76ea58aa9eaddfff6fb31bcc00df60de15d?s=96&d=mm&r=g\",\"caption\":\"Agence Mediapilote\"}}]}<\/script>\n<!-- \/ Yoast SEO plugin. -->","yoast_head_json":{"title":"Id\u00e9e Fixe + Ma\u00e9 Agencement - Id\u00e9e Fixe","robots":{"index":"index","follow":"follow","max-snippet":"max-snippet:-1","max-image-preview":"max-image-preview:large","max-video-preview":"max-video-preview:-1"},"canonical":"https:\/\/www.ideefixe.fr\/en\/idee-fixe-mae-agencement\/","og_locale":"en_US","og_type":"article","og_title":"Id\u00e9e Fixe + Ma\u00e9 Agencement - Id\u00e9e Fixe","og_description":"A synergy is taking place between these two companies with complementary know-how. Indeed, the first one imagines and realizes projects of sustainable architecture (offices, shops....) and ephemeral (stands) intended for the professionals while the second one conceives and manufactures furniture for these same arrangements for the professionals but also the private individuals. The 3 Id\u00e9e Fixe partners are accompanied by Vincent Bindet, already a partner in the Ma\u00e9 Agencement adventure, and their objective is to breathe new life into the Normandy-based company whose know-how and excellence have been recognized since its creation in 1985.","og_url":"https:\/\/www.ideefixe.fr\/en\/idee-fixe-mae-agencement\/","og_site_name":"Id\u00e9e Fixe","article_published_time":"2021-04-18T07:58:51+00:00","article_modified_time":"2022-04-01T09:36:41+00:00","og_image":[{"width":1228,"height":1840,"url":"https:\/\/www.ideefixe.fr\/wp-content\/uploads\/2022\/02\/dessinmae.jpg","type":"image\/jpeg"}],"author":"Agence Mediapilote","twitter_card":"summary_large_image","twitter_misc":{"Written by":"Agence Mediapilote"},"schema":{"@context":"https:\/\/schema.org","@graph":[{"@type":"Article","@id":"https:\/\/www.ideefixe.fr\/en\/idee-fixe-mae-agencement\/#article","isPartOf":{"@id":"https:\/\/www.ideefixe.fr\/en\/idee-fixe-mae-agencement\/"},"author":{"name":"Agence Mediapilote","@id":"https:\/\/www.ideefixe.fr\/en\/#\/schema\/person\/ac5280fd30e1d7fc7f1fc6cb33f65e00"},"headline":"Id\u00e9e Fixe + Ma\u00e9 Agencement","datePublished":"2021-04-18T07:58:51+00:00","dateModified":"2022-04-01T09:36:41+00:00","mainEntityOfPage":{"@id":"https:\/\/www.ideefixe.fr\/en\/idee-fixe-mae-agencement\/"},"wordCount":5,"commentCount":0,"publisher":{"@id":"https:\/\/www.ideefixe.fr\/en\/#organization"},"image":{"@id":"https:\/\/www.ideefixe.fr\/en\/idee-fixe-mae-agencement\/#primaryimage"},"thumbnailUrl":"https:\/\/www.ideefixe.fr\/wp-content\/uploads\/2022\/02\/dessinmae.jpg","inLanguage":"en-US"},{"@type":"WebPage","@id":"https:\/\/www.ideefixe.fr\/en\/idee-fixe-mae-agencement\/","url":"https:\/\/www.ideefixe.fr\/en\/idee-fixe-mae-agencement\/","name":"Id\u00e9e Fixe + Ma\u00e9 Agencement - Id\u00e9e Fixe","isPartOf":{"@id":"https:\/\/www.ideefixe.fr\/en\/#website"},"primaryImageOfPage":{"@id":"https:\/\/www.ideefixe.fr\/en\/idee-fixe-mae-agencement\/#primaryimage"},"image":{"@id":"https:\/\/www.ideefixe.fr\/en\/idee-fixe-mae-agencement\/#primaryimage"},"thumbnailUrl":"https:\/\/www.ideefixe.fr\/wp-content\/uploads\/2022\/02\/dessinmae.jpg","datePublished":"2021-04-18T07:58:51+00:00","dateModified":"2022-04-01T09:36:41+00:00","breadcrumb":{"@id":"https:\/\/www.ideefixe.fr\/en\/idee-fixe-mae-agencement\/#breadcrumb"},"inLanguage":"en-US","potentialAction":[{"@type":"ReadAction","target":["https:\/\/www.ideefixe.fr\/en\/idee-fixe-mae-agencement\/"]}]},{"@type":"ImageObject","inLanguage":"en-US","@id":"https:\/\/www.ideefixe.fr\/en\/idee-fixe-mae-agencement\/#primaryimage","url":"https:\/\/www.ideefixe.fr\/wp-content\/uploads\/2022\/02\/dessinmae.jpg","contentUrl":"https:\/\/www.ideefixe.fr\/wp-content\/uploads\/2022\/02\/dessinmae.jpg","width":1228,"height":1840},{"@type":"BreadcrumbList","@id":"https:\/\/www.ideefixe.fr\/en\/idee-fixe-mae-agencement\/#breadcrumb","itemListElement":[{"@type":"ListItem","position":1,"name":"Id\u00e9e Fixe","item":"https:\/\/www.ideefixe.fr\/en\/"},{"@type":"ListItem","position":2,"name":"Id\u00e9e Fixe + Ma\u00e9 Agencement"}]},{"@type":"WebSite","@id":"https:\/\/www.ideefixe.fr\/en\/#website","url":"https:\/\/www.ideefixe.fr\/en\/","name":"Id\u00e9e Fixe","description":"Expert en architectures durables et \u00e9ph\u00e9m\u00e8res depuis 1990.","publisher":{"@id":"https:\/\/www.ideefixe.fr\/en\/#organization"},"potentialAction":[{"@type":"SearchAction","target":{"@type":"EntryPoint","urlTemplate":"https:\/\/www.ideefixe.fr\/en\/?s={search_term_string}"},"query-input":{"@type":"PropertyValueSpecification","valueRequired":true,"valueName":"search_term_string"}}],"inLanguage":"en-US"},{"@type":"Organization","@id":"https:\/\/www.ideefixe.fr\/en\/#organization","name":"Id\u00e9e Fixe","url":"https:\/\/www.ideefixe.fr\/en\/","logo":{"@type":"ImageObject","inLanguage":"en-US","@id":"https:\/\/www.ideefixe.fr\/en\/#\/schema\/logo\/image\/","url":"https:\/\/www.ideefixe.fr\/wp-content\/uploads\/2021\/11\/logo-idee-fixe.svg","contentUrl":"https:\/\/www.ideefixe.fr\/wp-content\/uploads\/2021\/11\/logo-idee-fixe.svg","width":1,"height":1,"caption":"Id\u00e9e Fixe"},"image":{"@id":"https:\/\/www.ideefixe.fr\/en\/#\/schema\/logo\/image\/"}},{"@type":"Person","@id":"https:\/\/www.ideefixe.fr\/en\/#\/schema\/person\/ac5280fd30e1d7fc7f1fc6cb33f65e00","name":"Agence Mediapilote","image":{"@type":"ImageObject","inLanguage":"en-US","@id":"https:\/\/secure.gravatar.com\/avatar\/99fa72412867d4273b94d63a8540e76ea58aa9eaddfff6fb31bcc00df60de15d?s=96&d=mm&r=g","url":"https:\/\/secure.gravatar.com\/avatar\/99fa72412867d4273b94d63a8540e76ea58aa9eaddfff6fb31bcc00df60de15d?s=96&d=mm&r=g","contentUrl":"https:\/\/secure.gravatar.com\/avatar\/99fa72412867d4273b94d63a8540e76ea58aa9eaddfff6fb31bcc00df60de15d?s=96&d=mm&r=g","caption":"Agence Mediapilote"}}]}},"_links":{"self":[{"href":"https:\/\/www.ideefixe.fr\/en\/wp-json\/wp\/v2\/posts\/1515","targetHints":{"allow":["GET"]}}],"collection":[{"href":"https:\/\/www.ideefixe.fr\/en\/wp-json\/wp\/v2\/posts"}],"about":[{"href":"https:\/\/www.ideefixe.fr\/en\/wp-json\/wp\/v2\/types\/post"}],"author":[{"embeddable":true,"href":"https:\/\/www.ideefixe.fr\/en\/wp-json\/wp\/v2\/users\/4"}],"replies":[{"embeddable":true,"href":"https:\/\/www.ideefixe.fr\/en\/wp-json\/wp\/v2\/comments?post=1515"}],"version-history":[{"count":1,"href":"https:\/\/www.ideefixe.fr\/en\/wp-json\/wp\/v2\/posts\/1515\/revisions"}],"predecessor-version":[{"id":1580,"href":"https:\/\/www.ideefixe.fr\/en\/wp-json\/wp\/v2\/posts\/1515\/revisions\/1580"}],"wp:featuredmedia":[{"embeddable":true,"href":"https:\/\/www.ideefixe.fr\/en\/wp-json\/wp\/v2\/media\/1294"}],"wp:attachment":[{"href":"https:\/\/www.ideefixe.fr\/en\/wp-json\/wp\/v2\/media?parent=1515"}],"wp:term":[{"taxonomy":"category","embeddable":true,"href":"https:\/\/www.ideefixe.fr\/en\/wp-json\/wp\/v2\/categories?post=1515"},{"taxonomy":"post_tag","embeddable":true,"href":"https:\/\/www.ideefixe.fr\/en\/wp-json\/wp\/v2\/tags?post=1515"}],"curies":[{"name":"wp","href":"https:\/\/api.w.org\/{rel}","templated":true}]}}